{"id":123,"date":"2012-06-08T23:08:20","date_gmt":"2012-06-08T21:08:20","guid":{"rendered":"http:\/\/univoix.fr\/?p=123"},"modified":"2019-07-21T23:56:07","modified_gmt":"2019-07-21T21:56:07","slug":"25-conseils-pour-apprendre-a-mieux-communiquer","status":"publish","type":"post","link":"http:\/\/univoix.fr\/index.php\/2012\/06\/08\/25-conseils-pour-apprendre-a-mieux-communiquer\/","title":{"rendered":"25 Conseils pour apprendre \u00e0 Mieux communiquer\u2026"},"content":{"rendered":"\n<div class=\"wp-block-media-text alignwide has-very-light-gray-background-color\"><figure class=\"wp-block-media-text__media\"><img loading=\"lazy\" decoding=\"async\" width=\"1024\" height=\"683\" src=\"http:\/\/univoix.fr\/wp-content\/uploads\/2019\/07\/beard-2286446_1280-1024x683.jpg\" alt=\"\" class=\"wp-image-814\" srcset=\"http:\/\/univoix.fr\/wp-content\/uploads\/2019\/07\/beard-2286446_1280-1024x683.jpg 1024w, http:\/\/univoix.fr\/wp-content\/uploads\/2019\/07\/beard-2286446_1280-300x200.jpg 300w, http:\/\/univoix.fr\/wp-content\/uploads\/2019\/07\/beard-2286446_1280-768x512.jpg 768w, http:\/\/univoix.fr\/wp-content\/uploads\/2019\/07\/beard-2286446_1280-1140x760.jpg 1140w, http:\/\/univoix.fr\/wp-content\/uploads\/2019\/07\/beard-2286446_1280-570x380.jpg 570w, http:\/\/univoix.fr\/wp-content\/uploads\/2019\/07\/beard-2286446_1280-380x254.jpg 380w, http:\/\/univoix.fr\/wp-content\/uploads\/2019\/07\/beard-2286446_1280-285x190.jpg 285w, http:\/\/univoix.fr\/wp-content\/uploads\/2019\/07\/beard-2286446_1280-272x182.jpg 272w, http:\/\/univoix.fr\/wp-content\/uploads\/2019\/07\/beard-2286446_1280.jpg 1280w\" sizes=\"auto, (max-width: 1024px) 100vw, 1024px\" \/><\/figure><div class=\"wp-block-media-text__content\">\n<p class=\"has-text-color has-large-font-size has-vivid-red-color\">Et si 5 experts vous livraient leurs astuces en mati\u00e8re de communication ?<\/p>\n<\/div><\/div>\n\n\n\n<p><strong>C<\/strong>omment placer votre&nbsp;<strong>voix<\/strong>&nbsp;? Comment&nbsp;<strong>susciter l\u2019attention<\/strong>&nbsp;? Comment amener votre interlocuteur \u00e0 se&nbsp;<strong>livrer<\/strong>&nbsp;? Comment g\u00e9rer une conversation au&nbsp;<strong>t\u00e9l\u00e9phone<\/strong>&nbsp;? Ou encore comment briller lors de vos prises de&nbsp;<strong>parole&nbsp;<\/strong>en public?<\/p>\n\n\n\n<p><strong>C<\/strong>\u2018est ce que je vous propose de d\u00e9couvrir \u00e0 travers ce livre issu de l\u2019\u00e9v\u00e9nement&nbsp; interblogueur organis\u00e9 par Yvon du blog&nbsp;<a href=\"http:\/\/www.copywriting-pratique.com\/\" target=\"_blank\" rel=\"noreferrer noopener\" aria-label=\"Copywriting-pratique. (s\u2019ouvre dans un nouvel onglet)\">Copywriting-pratique.<\/a><\/p>\n\n\n\n<p><a href=\"https:\/\/web.archive.org\/web\/20120617021038\/http:\/\/univoix.fr:80\/wp-content\/uploads\/2012\/06\/LivreFinalCommuniquer.pdf\" target=\"_blank\" rel=\"noreferrer noopener\" aria-label=\"Cliquez ici pour le t\u00e9l\u00e9charger\u2026 c\u2019est gratuit ! (s\u2019ouvre dans un nouvel onglet)\">Cliquez ici pour le t\u00e9l\u00e9charger\u2026 c\u2019est gratuit !<\/a><\/p>\n\n\n\n<p><strong>V<\/strong>otre voix est le support de votre&nbsp;<strong>communication<\/strong>. Chaque jour vous l\u2019utilisez pour vous faire&nbsp;<strong>comprendre<\/strong>, pour&nbsp;<strong>\u00e9changer,<\/strong>&nbsp;<strong>informer<\/strong>&nbsp;ou&nbsp;<strong>convaincre<\/strong>.<\/p>\n\n\n\n<p><strong>Q<\/strong>ue vous soyez amen\u00e9s \u00e0 parler en public, dans un cadre plus intime ou encore au t\u00e9l\u00e9phone,&nbsp;<strong>5 expertes<\/strong>&nbsp;en la mati\u00e8re vous r\u00e9v\u00e8lent leurs astuces : <\/p>\n\n\n\n<ul class=\"wp-block-list\"><li>Marianne, formatrice, passionn\u00e9e de communication et de sciences humaines, vous livre les secrets d\u2019une \u00e9toile \u2026 pour briller quand vous parlez en public.<\/li><\/ul>\n\n\n\n<ul class=\"wp-block-list\"><li>Florence, \u00e9crivain public et biographe, vous montre 5 moyens pour faire parler votre interlocuteur.<\/li><\/ul>\n\n\n\n<ul class=\"wp-block-list\"><li>\u00c9l\u00e9na, experte de la prospection t\u00e9l\u00e9phonique vous donne 5 conseils pour vous jouer des barrages au t\u00e9l\u00e9phone.<\/li><\/ul>\n\n\n\n<ul class=\"wp-block-list\"><li>H\u00e9l\u00e8ne, enseignante, charg\u00e9e de cours en psychologie et en sociologie dans diff\u00e9rentes universit\u00e9s, vous montre comment int\u00e9resser votre public, \u00e0 l\u2019oral comme \u00e0 l\u2019\u00e9crit.<\/li><\/ul>\n\n\n\n<ul class=\"wp-block-list\"><li>Et enfin, je vous r\u00e9v\u00e8le mes 5 secrets&nbsp;pour tirer parti du meilleur de votre voix sans&nbsp;aucun travail particulier.<\/li><\/ul>\n\n\n\n<p><a href=\"https:\/\/web.archive.org\/web\/20120617021038\/http:\/\/univoix.fr:80\/wp-content\/uploads\/2012\/06\/LivreFinalCommuniquer.pdf\" target=\"_blank\" rel=\"noreferrer noopener\" aria-label=\"Alors t\u00e9l\u00e9chargez-le maintenant ! (s\u2019ouvre dans un nouvel onglet)\">Alors t\u00e9l\u00e9chargez-le maintenant !<\/a><\/p>\n\n\n\n<p><strong>C<\/strong>e cadeau vous pla\u00eet ?<\/p>\n\n\n\n<p><strong>D<\/strong>\u2018autres&nbsp;<strong>livres<\/strong>&nbsp;dans des th\u00e8mes tr\u00e8s diff\u00e9rents, mais non moins passionnants, &nbsp;sont issus de cet \u00e9v\u00e9nement.<\/p>\n\n\n\n<p><strong>A<\/strong>lors pour ceux qui aiment les cadeaux, vous pouvez&nbsp;directement&nbsp;les&nbsp;<a href=\"http:\/\/www.copywriting-pratique.com\/les-7-livres-issus-des-108-articles-de-l-evenement-echanges-de-competences\" target=\"_blank\" rel=\"noreferrer noopener\" aria-label=\"t\u00e9l\u00e9charger sur le blog d\u2019Yvon Cavelier (s\u2019ouvre dans un nouvel onglet)\">t\u00e9l\u00e9charger sur le blog d\u2019Yvon Cavelier<\/a>, que je tiens \u00e0 remercier tr\u00e8s chaleureusement pour ce&nbsp;<strong>travail consid\u00e9rable<\/strong>, et tout particuli\u00e8rement pour son aide constante, sa gentillesse et sa g\u00e9n\u00e9rosit\u00e9.<\/p>\n\n\n\n<p><strong>S<\/strong>ur ce, je vous dis \u00e0 la semaine prochaine pour une vid\u00e9o tr\u00e8s sp\u00e9ciale qui vous montrera comment rendre vos prises de parole inoubliables.<\/p>\n\n\n\n<p><strong>\u00c0<\/strong>&nbsp;jeudi.<\/p>\n","protected":false},"excerpt":{"rendered":"<p>Et si 5 experts vous livraient leurs astuces en mati\u00e8re de communication ? Comment placer votre&nbsp;voix&nbsp;? Comment&nbsp;susciter l\u2019attention&nbsp;? Comment amener votre interlocuteur \u00e0 se&nbsp;livrer&nbsp;? Comment g\u00e9rer une conversation au&nbsp;t\u00e9l\u00e9phone&nbsp;? Ou encore comment briller lors de vos prises de&nbsp;parole&nbsp;en public? C\u2018est ce que je vous propose de d\u00e9couvrir \u00e0 travers ce livre issu de l\u2019\u00e9v\u00e9nement&nbsp; interblogueur<\/p>\n<p><a href=\"http:\/\/univoix.fr\/index.php\/2012\/06\/08\/25-conseils-pour-apprendre-a-mieux-communiquer\/\" class=\"more-link themebutton\">Read More<\/a><\/p>\n","protected":false},"author":1,"featured_media":814,"comment_status":"open","ping_status":"open","sticky":false,"template":"","format":"standard","meta":{"footnotes":""},"categories":[6],"tags":[],"class_list":["post-123","post","type-post","status-publish","format-standard","has-post-thumbnail","hentry","category-competences-relationnelle"],"_links":{"self":[{"href":"http:\/\/univoix.fr\/index.php\/wp-json\/wp\/v2\/posts\/123","targetHints":{"allow":["GET"]}}],"collection":[{"href":"http:\/\/univoix.fr\/index.php\/wp-json\/wp\/v2\/posts"}],"about":[{"href":"http:\/\/univoix.fr\/index.php\/wp-json\/wp\/v2\/types\/post"}],"author":[{"embeddable":true,"href":"http:\/\/univoix.fr\/index.php\/wp-json\/wp\/v2\/users\/1"}],"replies":[{"embeddable":true,"href":"http:\/\/univoix.fr\/index.php\/wp-json\/wp\/v2\/comments?post=123"}],"version-history":[{"count":3,"href":"http:\/\/univoix.fr\/index.php\/wp-json\/wp\/v2\/posts\/123\/revisions"}],"predecessor-version":[{"id":815,"href":"http:\/\/univoix.fr\/index.php\/wp-json\/wp\/v2\/posts\/123\/revisions\/815"}],"wp:featuredmedia":[{"embeddable":true,"href":"http:\/\/univoix.fr\/index.php\/wp-json\/wp\/v2\/media\/814"}],"wp:attachment":[{"href":"http:\/\/univoix.fr\/index.php\/wp-json\/wp\/v2\/media?parent=123"}],"wp:term":[{"taxonomy":"category","embeddable":true,"href":"http:\/\/univoix.fr\/index.php\/wp-json\/wp\/v2\/categories?post=123"},{"taxonomy":"post_tag","embeddable":true,"href":"http:\/\/univoix.fr\/index.php\/wp-json\/wp\/v2\/tags?post=123"}],"curies":[{"name":"wp","href":"https:\/\/api.w.org\/{rel}","templated":true}]}}