{"id":131,"date":"2012-06-21T23:44:54","date_gmt":"2012-06-21T21:44:54","guid":{"rendered":"http:\/\/univoix.fr\/?p=131"},"modified":"2018-12-28T23:53:24","modified_gmt":"2018-12-28T22:53:24","slug":"cest-la-fete-de-la-musique-dites-le-en-chanson","status":"publish","type":"post","link":"http:\/\/univoix.fr\/index.php\/2012\/06\/21\/cest-la-fete-de-la-musique-dites-le-en-chanson\/","title":{"rendered":"C\u2019est la f\u00eate de la musique\u2026 Dites-le en chanson!"},"content":{"rendered":"\n<p class=\"has-text-color has-medium-font-size has-luminous-vivid-orange-color\">La musique adoucit les moeurs, il parait hein ..<\/p>\n\n\n\n<p><strong>E<\/strong>t si en cette belle journ\u00e9e, vous \u00eates d\u2019<strong>humeur amoureuse<\/strong>, pourquoi ne pas faire comme Al Jarreau\u2026 le dire en chanson.<\/p>\n\n\n\n<p><strong>U<\/strong>n homme s\u00e9duit par une jeune fille\u2026<\/p>\n\n\n\n<p><strong>L<\/strong>\u00e0, sur la sc\u00e8ne, le chanteur devenu&nbsp;<strong>conteur<\/strong>, nous raconte son histoire.<\/p>\n\n\n\n<p><strong>V<\/strong>oyez \u00e0 quel point il est<strong>&nbsp;inspir\u00e9<\/strong>,<\/p>\n\n\n\n<p><strong>E<\/strong>coutez comme sa voix&nbsp;<strong>ondule<\/strong>, bute et rebondit.<\/p>\n\n\n\n<p><strong>R<\/strong>emarquez comme le&nbsp;<strong>chuchotement<\/strong>&nbsp;cr\u00e9e une forme d\u2019intimit\u00e9 et de&nbsp;<strong>myst\u00e8re<\/strong>.<\/p>\n\n\n\n<p><strong>O<\/strong>bservez&nbsp;comme la&nbsp;<strong>voix parl\u00e9e<\/strong>&nbsp;devient progressivement&nbsp;<strong>musique<\/strong>, pour se fondre \u00e0 la rythmique puis \u00e0 la m\u00e9lodie.<\/p>\n\n\n\n<p><strong>U<\/strong>ne voix pour la musique\u2026 Et pour inaugurer cette rubrique, je vous pr\u00e9sente l\u2019un des plus\u00a0<strong>fabuleux chanteur<\/strong>\u00a0de ce si\u00e8cle (non, le terme n\u2019est pas trop fort): j\u2019ai cit\u00e9 Al Jarreau.<\/p>\n\n\n\n<figure class=\"wp-block-embed-youtube wp-block-embed is-type-video is-provider-youtube wp-embed-aspect-4-3 wp-has-aspect-ratio\"><div class=\"wp-block-embed__wrapper\">\n<iframe loading=\"lazy\" title=\"Al Jarreau 1976 -Take Five\" width=\"960\" height=\"720\" src=\"https:\/\/www.youtube.com\/embed\/hhq7fSrXn0c?feature=oembed\" frameborder=\"0\" allow=\"accelerometer; autoplay; encrypted-media; gyroscope; picture-in-picture\" allowfullscreen><\/iframe>\n<\/div><\/figure>\n\n\n\n<p><strong>E<\/strong>t vous, vous faites quoi pour la f\u00eate de la musique?<\/p>\n","protected":false},"excerpt":{"rendered":"<p>La musique adoucit les moeurs, il parait hein .. Et si en cette belle journ\u00e9e, vous \u00eates d\u2019humeur amoureuse, pourquoi ne pas faire comme Al Jarreau\u2026 le dire en chanson. Un homme s\u00e9duit par une jeune fille\u2026 L\u00e0, sur la sc\u00e8ne, le chanteur devenu&nbsp;conteur, nous raconte son histoire. Voyez \u00e0 quel point il est&nbsp;inspir\u00e9, Ecoutez<\/p>\n<p><a href=\"http:\/\/univoix.fr\/index.php\/2012\/06\/21\/cest-la-fete-de-la-musique-dites-le-en-chanson\/\" class=\"more-link themebutton\">Read More<\/a><\/p>\n","protected":false},"author":1,"featured_media":132,"comment_status":"open","ping_status":"open","sticky":false,"template":"","format":"standard","meta":{"footnotes":""},"categories":[4],"tags":[],"class_list":["post-131","post","type-post","status-publish","format-standard","has-post-thumbnail","hentry","category-une-voix-pour-la-musique"],"_links":{"self":[{"href":"http:\/\/univoix.fr\/index.php\/wp-json\/wp\/v2\/posts\/131","targetHints":{"allow":["GET"]}}],"collection":[{"href":"http:\/\/univoix.fr\/index.php\/wp-json\/wp\/v2\/posts"}],"about":[{"href":"http:\/\/univoix.fr\/index.php\/wp-json\/wp\/v2\/types\/post"}],"author":[{"embeddable":true,"href":"http:\/\/univoix.fr\/index.php\/wp-json\/wp\/v2\/users\/1"}],"replies":[{"embeddable":true,"href":"http:\/\/univoix.fr\/index.php\/wp-json\/wp\/v2\/comments?post=131"}],"version-history":[{"count":1,"href":"http:\/\/univoix.fr\/index.php\/wp-json\/wp\/v2\/posts\/131\/revisions"}],"predecessor-version":[{"id":133,"href":"http:\/\/univoix.fr\/index.php\/wp-json\/wp\/v2\/posts\/131\/revisions\/133"}],"wp:featuredmedia":[{"embeddable":true,"href":"http:\/\/univoix.fr\/index.php\/wp-json\/wp\/v2\/media\/132"}],"wp:attachment":[{"href":"http:\/\/univoix.fr\/index.php\/wp-json\/wp\/v2\/media?parent=131"}],"wp:term":[{"taxonomy":"category","embeddable":true,"href":"http:\/\/univoix.fr\/index.php\/wp-json\/wp\/v2\/categories?post=131"},{"taxonomy":"post_tag","embeddable":true,"href":"http:\/\/univoix.fr\/index.php\/wp-json\/wp\/v2\/tags?post=131"}],"curies":[{"name":"wp","href":"https:\/\/api.w.org\/{rel}","templated":true}]}}