{"id":168,"date":"2012-12-25T01:29:08","date_gmt":"2012-12-25T00:29:08","guid":{"rendered":"http:\/\/univoix.fr\/?p=168"},"modified":"2019-06-04T19:43:32","modified_gmt":"2019-06-04T17:43:32","slug":"de-la-neige-un-bonnet-mes-voeux","status":"publish","type":"post","link":"https:\/\/univoix.fr\/index.php\/2012\/12\/25\/de-la-neige-un-bonnet-mes-voeux\/","title":{"rendered":"De la neige, un bonnet\u2026 mes voeux"},"content":{"rendered":"\n<p><strong>E<\/strong>n ce 25 d\u00e9cembre, j\u2019ai presque failli sortir la tenue \u00ab&nbsp;M\u00e8re No\u00ebl&nbsp;\u00bb et puis non finalement. C\u2019est trop hein ?<br><strong>J<\/strong>\u2018ai quand m\u00eame chant\u00e9 pour vous un petit&nbsp;<strong>chant de No\u00ebl<\/strong>, sans oublier le bonnet&nbsp;<del>ridicule<\/del>&nbsp;de circonstance, et les paysages enneig\u00e9s.<\/p>\n\n\n\n<p><strong>A<\/strong>lors oui, le&nbsp;<strong>son<\/strong>&nbsp;n\u2019est pas terrible (je suis en vacances et je n\u2019ai pas trimball\u00e9 tout mon mat\u00e9riel).<\/p>\n\n\n\n<p><strong>O<\/strong>ui, mon&nbsp;<strong>bonnet<\/strong>&nbsp;est dix fois trop petit (c\u2019est celui de mon fils).<\/p>\n\n\n\n<p><strong>E<\/strong>t oui, je ne suis&nbsp;<strong>pas parfaite<\/strong>. (Je cherche mes mots, je place des heu \u00e0 tout bout de champ, voire m\u00eame de chant).<\/p>\n\n\n\n<p><strong>M<\/strong>ais vous savez quoi ?<\/p>\n\n\n\n<p><strong>C<\/strong>e n\u2019est pas ce qui compte, car ce qui compte aujourd\u2019hui, pour moi, c\u2019est de vous&nbsp;<strong>souhaiter<\/strong>&nbsp;d\u2019excellentes f\u00eates de fin d\u2019ann\u00e9e.<\/p>\n\n\n\n<p><strong>E<\/strong>t de vous transmettre ce qui importe le plus \u00e0 mon avis, lorsqu\u2019on cherche \u00e0 se&nbsp;<strong>r\u00e9aliser<\/strong>\u2026 et cela je vous laisse le d\u00e9couvrir en images.<\/p>\n\n\n\n<figure class=\"wp-block-embed-youtube wp-block-embed is-type-video is-provider-youtube wp-embed-aspect-16-9 wp-has-aspect-ratio\"><div class=\"wp-block-embed__wrapper\">\n<iframe loading=\"lazy\" title=\"Voeux pour 2013\" width=\"960\" height=\"540\" src=\"https:\/\/www.youtube.com\/embed\/YsrF3bEgPlI?feature=oembed\" frameborder=\"0\" allow=\"accelerometer; autoplay; encrypted-media; gyroscope; picture-in-picture\" allowfullscreen><\/iframe>\n<\/div><\/figure>\n\n\n\n<p><strong>N<\/strong>e perdez pas de temps (vous l\u2019aurez compris, je le r\u00e9p\u00e8te 3 fois tout de m\u00eame\u2026 remarquez, 3 c\u2019est un bon chiffre, surtout en cette p\u00e9riode \u2026 bref )\u2026<\/p>\n\n\n\n<p><strong>O<\/strong>\u00f9 en \u00e9tais-je d\u00e9j\u00e0 ?&nbsp;Ah oui\u2026<\/p>\n\n\n\n<p><strong>N<\/strong>e perdez pas de temps \u00e0 attendre que certaines circonstances soient r\u00e9unies ou que vous ayez atteint un certain niveau de performance pour vous \u00ab&nbsp;<strong>autoriser \u00e0<\/strong>&nbsp;\u00bb \u2026&nbsp;<strong>Agissez<\/strong>, d\u00e8s aujourd\u2019hui.<\/p>\n\n\n\n<p><strong>E<\/strong>t le&nbsp;<strong>clich\u00e9<\/strong>&nbsp;du jour : Mieux vaut vivre avec des remords qu\u2019avec des regrets. (J\u2019en reviens m\u00eame pas de dire un truc pareil\u2026 d\u2019autant que non, je n\u2019adh\u00e8re pas du tout, mais alors pas du tout \u00e0 cette phrase.)<\/p>\n\n\n\n<p><strong>L<\/strong>\u2018un comme l\u2019autre ne valent pas mieux\u2026 Vous pr\u00e9f\u00e9rez quoi vous, la&nbsp;<strong>culpabilisation<\/strong>&nbsp;ou la&nbsp;<strong>frustration<\/strong>&nbsp;? (Une voix de caniche ou une bouche de m\u00e9rou ?&nbsp;) \u2026 ben moi je pr\u00e9f\u00e8re ne pas trop me prendre la t\u00eate.<\/p>\n\n\n\n<p><strong>E<\/strong>n r\u00e9sum\u00e9 : oublions les clich\u00e9s.<\/p>\n\n\n\n<p><strong>C<\/strong>\u2018est ma&nbsp;<strong>r\u00e9solution<\/strong>&nbsp;pour 2013\u2026 et la v\u00f4tre ?<\/p>\n\n\n\n<p><strong>B<\/strong>onnes f\u00eates \u00e0 tous et \u00e0 l\u2019ann\u00e9e prochaine.<\/p>\n","protected":false},"excerpt":{"rendered":"<p>En ce 25 d\u00e9cembre, j\u2019ai presque failli sortir la tenue \u00ab&nbsp;M\u00e8re No\u00ebl&nbsp;\u00bb et puis non finalement. C\u2019est trop hein ?J\u2018ai quand m\u00eame chant\u00e9 pour vous un petit&nbsp;chant de No\u00ebl, sans oublier le bonnet&nbsp;ridicule&nbsp;de circonstance, et les paysages enneig\u00e9s. Alors oui, le&nbsp;son&nbsp;n\u2019est pas terrible (je suis en vacances et je n\u2019ai pas trimball\u00e9 tout mon mat\u00e9riel).<\/p>\n<p><a href=\"https:\/\/univoix.fr\/index.php\/2012\/12\/25\/de-la-neige-un-bonnet-mes-voeux\/\" class=\"more-link themebutton\">Read More<\/a><\/p>\n","protected":false},"author":1,"featured_media":207,"comment_status":"open","ping_status":"open","sticky":false,"template":"","format":"standard","meta":{"footnotes":""},"categories":[7,1],"tags":[],"class_list":["post-168","post","type-post","status-publish","format-standard","has-post-thumbnail","hentry","category-developpement-personnel-progression-feedback","category-non-classe"],"_links":{"self":[{"href":"https:\/\/univoix.fr\/index.php\/wp-json\/wp\/v2\/posts\/168","targetHints":{"allow":["GET"]}}],"collection":[{"href":"https:\/\/univoix.fr\/index.php\/wp-json\/wp\/v2\/posts"}],"about":[{"href":"https:\/\/univoix.fr\/index.php\/wp-json\/wp\/v2\/types\/post"}],"author":[{"embeddable":true,"href":"https:\/\/univoix.fr\/index.php\/wp-json\/wp\/v2\/users\/1"}],"replies":[{"embeddable":true,"href":"https:\/\/univoix.fr\/index.php\/wp-json\/wp\/v2\/comments?post=168"}],"version-history":[{"count":1,"href":"https:\/\/univoix.fr\/index.php\/wp-json\/wp\/v2\/posts\/168\/revisions"}],"predecessor-version":[{"id":170,"href":"https:\/\/univoix.fr\/index.php\/wp-json\/wp\/v2\/posts\/168\/revisions\/170"}],"wp:featuredmedia":[{"embeddable":true,"href":"https:\/\/univoix.fr\/index.php\/wp-json\/wp\/v2\/media\/207"}],"wp:attachment":[{"href":"https:\/\/univoix.fr\/index.php\/wp-json\/wp\/v2\/media?parent=168"}],"wp:term":[{"taxonomy":"category","embeddable":true,"href":"https:\/\/univoix.fr\/index.php\/wp-json\/wp\/v2\/categories?post=168"},{"taxonomy":"post_tag","embeddable":true,"href":"https:\/\/univoix.fr\/index.php\/wp-json\/wp\/v2\/tags?post=168"}],"curies":[{"name":"wp","href":"https:\/\/api.w.org\/{rel}","templated":true}]}}